{"id":10017831,"global_id":"www.opinion-net.com\/de\/?id=10017831","global_id_lineage":["www.opinion-net.com\/de\/?id=10017831"],"author":"10","status":"publish","date":"2026-03-08 02:00:32","date_utc":"2026-03-08 01:00:32","modified":"2026-04-23 16:51:39","modified_utc":"2026-04-23 14:51:39","url":"https:\/\/www.opinion-net.com\/de\/event\/lounge-zweite-meinung\/2027-04-28\/","rest_url":"https:\/\/www.opinion-net.com\/de\/wp-json\/tribe\/events\/v1\/events\/10017831","title":"Lounge zweite Meinung","description":"<div class=\"wpb-content-wrapper\"><p>[vc_row css=&#8220;.vc_custom_1710053130516{padding-top: 25px !important;}&#8220;][vc_column]<div class=\"ult_exp_section_layer ult-adjust-bottom-margin  \" >\n\t\t<div id=\"uvc-exp-wrap-4551\" role=\"button\" tabindex=\"0\" aria-pressed=\"false\"  data-ultimate-target='#uvc-exp-wrap-4551'  data-responsive-json-new='{\"font-size\":\"desktop:22px;\",\"line-height\":\"desktop:30px;\"}'  class=\"ult_exp_section  ult-responsive \" style=\"color:#333333;background-color:#ffffff;font-family:Open Sans;font-weight:300;margin-top:-30px; text-align:left;\" data-textcolor=\"#333333\"data-texthover=\"#009900\"data-icncolor=\"#009900\"data-ihover=\"#009900\"data-height=\"0\"data-cntbg=\"#ffffff\"data-cnthvrbg=\"#f8f8ff\"data-headerbg=\"#ffffff\"data-headerhover=\"#f8f8ff\"data-title=\"BEGEGNUNG VON PERSPEKTIVE UND ERFAHRUNG\"data-newtitle=\"BEGEGNUNG VON PERSPEKTIVE UND ERFAHRUNG\"data-icon=\"Defaults-caret-right\"data-newicon=\"Defaults-check\"data-activeicon=\"#009900\"data-effect=\"slideToggle\"data-override=\"0\"data-activetitle=\"#333333\"data-activebg=\"#f8f8ff\"data-img=\"\"data-newimg=\"\"><div class=\"ult_exp_section-main ult_expleft_icon\">\t<div class=\"ult-just-icon-wrapper ult_exp_icon\">\n\t\t\t\t\t<div class=\"align-icon \">\n\t\t\t\t\t\t\n<span class=\"aio-icon  none  ult_expsection_icon \"  style=\"color:#009900;font-size:32px;\">\n\t<i class=\"Defaults-caret-right ult_ex_icon\"  ><\/i>\n<\/span>\n\t\t\t\t\t<\/div>\n\t\t\t\t<\/div>\n\t\t\t\t<div class=\"ult_expheader\" >BEGEGNUNG VON PERSPEKTIVE UND ERFAHRUNG\n\t\t\t\t<\/div>\n\t\t\t<\/div>\n\t\t<\/div><div class=\"ult_exp_content \" style=\"background-color:#f8f8ff;  \"><div class=\"ult_ecpsub_cont\" style=\" \" ><div id=\"ultimate-heading-586769ec3e5a091fe\" class=\"uvc-heading ult-adjust-bottom-margin ultimate-heading-586769ec3e5a091fe uvc-4991 \" data-hspacer=\"no_spacer\"  data-halign=\"left\" style=\"text-align:left\"><div class=\"uvc-heading-spacer no_spacer\" style=\"top\"><\/div><div class=\"uvc-sub-heading ult-responsive\"  data-ultimate-target='.uvc-heading.ultimate-heading-586769ec3e5a091fe .uvc-sub-heading '  data-responsive-json-new='{\"font-size\":\"desktop:20px;\",\"line-height\":\"desktop:32px;\"}'  style=\"font-family:&#039;Open Sans&#039;;font-weight:300;\">Der Lounge Perspektive trifft Praxis verbindet junge Talente mit erfahrenen Seniorinnen und Senioren. Junge Teilnehmende bringen neue Fragen, Energie und einen frischen Blick auf Themen ein, die das moderne Leben pr\u00e4gen. Seniorinnen und Senioren bringen Erfahrung, Verst\u00e4ndnis f\u00fcr Lebenssituationen und die F\u00e4higkeit mit, das gro\u00dfe Ganze zu \u00fcberblicken.<\/p>\n<p>In dieser Begegnung entsteht ein Raum f\u00fcr Gespr\u00e4che, die nicht nur dem Austausch von Meinungen dienen, sondern auch die M\u00f6glichkeit bieten, unterschiedliche Perspektiven in eine gemeinsame Reflexion \u00fcber praktische L\u00f6sungen zu Fragen von Gesundheit, Wohnen, Mobilit\u00e4t und Lebensweise zu verwandeln.<\/div><\/div><\/div><\/div>\n\n\t\t\t<\/div><div class=\"ult_exp_section_layer ult-adjust-bottom-margin  \" >\n\t\t<div id=\"uvc-exp-wrap-2704\" role=\"button\" tabindex=\"0\" aria-pressed=\"false\"  data-ultimate-target='#uvc-exp-wrap-2704'  data-responsive-json-new='{\"font-size\":\"desktop:22px;\",\"line-height\":\"desktop:30px;\"}'  class=\"ult_exp_section  ult-responsive \" style=\"color:#333333;background-color:#ffffff;font-family:Open Sans;font-weight:300;margin-top:-30px; text-align:left;\" data-textcolor=\"#333333\"data-texthover=\"#009900\"data-icncolor=\"#009900\"data-ihover=\"#009900\"data-height=\"0\"data-cntbg=\"#ffffff\"data-cnthvrbg=\"#f8f8ff\"data-headerbg=\"#ffffff\"data-headerhover=\"#f8f8ff\"data-title=\"BEISPIELE F\u00dcR INTERGENERATIONALE ZUSAMMENARBEIT\"data-newtitle=\"BEISPIELE F\u00dcR INTERGENERATIONALE ZUSAMMENARBEIT\"data-icon=\"Defaults-caret-right\"data-newicon=\"Defaults-check\"data-activeicon=\"#009900\"data-effect=\"slideToggle\"data-override=\"0\"data-activetitle=\"#333333\"data-activebg=\"#f8f8ff\"data-img=\"\"data-newimg=\"\"><div class=\"ult_exp_section-main ult_expleft_icon\">\t<div class=\"ult-just-icon-wrapper ult_exp_icon\">\n\t\t\t\t\t<div class=\"align-icon \">\n\t\t\t\t\t\t\n<span class=\"aio-icon  none  ult_expsection_icon \"  style=\"color:#009900;font-size:32px;\">\n\t<i class=\"Defaults-caret-right ult_ex_icon\"  ><\/i>\n<\/span>\n\t\t\t\t\t<\/div>\n\t\t\t\t<\/div>\n\t\t\t\t<div class=\"ult_expheader\" >BEISPIELE F\u00dcR INTERGENERATIONALE ZUSAMMENARBEIT\n\t\t\t\t<\/div>\n\t\t\t<\/div>\n\t\t<\/div><div class=\"ult_exp_content \" style=\"background-color:#f8f8ff;  \"><div class=\"ult_ecpsub_cont\" style=\" \" ><div id=\"ultimate-heading-376269ec3e5a0936d\" class=\"uvc-heading ult-adjust-bottom-margin ultimate-heading-376269ec3e5a0936d uvc-9564 \" data-hspacer=\"no_spacer\"  data-halign=\"left\" style=\"text-align:left\"><div class=\"uvc-heading-spacer no_spacer\" style=\"top\"><\/div><div class=\"uvc-sub-heading ult-responsive\"  data-ultimate-target='.uvc-heading.ultimate-heading-376269ec3e5a0936d .uvc-sub-heading '  data-responsive-json-new='{\"font-size\":\"desktop:20px;\",\"line-height\":\"desktop:32px;\"}'  style=\"font-family:&#039;Open Sans&#039;;font-weight:300;\">In vielen Innovations- und Sozialprojekten werden bewusst j\u00fcngere und \u00e4ltere Generationen zusammengebracht, weil solche Kooperationen h\u00e4ufig zu neuen Ideen und realistischeren L\u00f6sungen f\u00fchren.<\/p>\n<p><em>Beispiele sind:<\/em><\/p>\n<p><strong>Reverse Mentoring in internationalen Unternehmen<\/strong><\/p>\n<p>In Unternehmen wie General Electric, PwC, IBM und Unilever mentorieren j\u00fcngere Mitarbeitende ihre erfahrenen Kolleginnen und Kollegen in Bereichen wie digitalen Technologien und neuen gesellschaftlichen Trends, w\u00e4hrend Seniorinnen und Senioren ihre Erfahrung in Entscheidungsprozessen und im Verst\u00e4ndnis langfristiger Auswirkungen einbringen.<\/p>\n<p><strong>Intergenerationale Innovationslabore<\/strong><\/p>\n<p>An Universit\u00e4ten und in Startup-Programmen werden zunehmend bewusst unterschiedliche Generationen von Teilnehmenden zusammengef\u00fchrt, um die Kreativit\u00e4t der J\u00fcngeren mit der Erfahrung der \u00c4lteren zu verbinden. Solche Teams gelangen h\u00e4ufig zu praktischeren und nachhaltigeren L\u00f6sungen.<\/p>\n<p><strong>Programme f\u00fcr aktives Altern in Europa<\/strong><\/p>\n<p>Initiativen wie Generations Working Together im Vereinigten K\u00f6nigreich oder intergenerationale Wohnprojekte in den Niederlanden verbinden j\u00fcngere und \u00e4ltere Menschen durch gemeinsame Aktivit\u00e4ten und f\u00f6rdern den Austausch von Erfahrungen, w\u00e4hrend soziale Isolation reduziert wird.<\/p>\n<p><strong>Gesundheits- und Sozialprojekte<\/strong><\/p>\n<p>In vielen gesundheitsbezogenen Projekten arbeiten Patientinnen und Patienten, Forschende und verschiedene Generationen gemeinsam daran, L\u00f6sungen zu entwickeln, die den tats\u00e4chlichen Bed\u00fcrfnissen der Menschen besser entsprechen.<\/p>\n<p>Diese Beispiele zeigen, dass das Zusammenbringen verschiedener Generationen rund um konkrete Lebensthemen h\u00e4ufig zu tieferem Verst\u00e4ndnis und praktikableren L\u00f6sungen f\u00fchrt \u2013 genau einen solchen Raum f\u00fcr die Begegnung von Perspektive und Erfahrung m\u00f6chte der Lounge Perspektive trifft Praxis schaffen.<\/div><\/div><\/div><\/div>\n\n\t\t\t<\/div><div class=\"ult_exp_section_layer ult-adjust-bottom-margin  \" >\n\t\t<div id=\"uvc-exp-wrap-7029\" role=\"button\" tabindex=\"0\" aria-pressed=\"false\"  data-ultimate-target='#uvc-exp-wrap-7029'  data-responsive-json-new='{\"font-size\":\"desktop:22px;\",\"line-height\":\"desktop:30px;\"}'  class=\"ult_exp_section  ult-responsive \" style=\"color:#333333;background-color:#ffffff;font-family:Open Sans;font-weight:300;margin-top:-30px; text-align:left;\" data-textcolor=\"#333333\"data-texthover=\"#009900\"data-icncolor=\"#009900\"data-ihover=\"#009900\"data-height=\"0\"data-cntbg=\"#ffffff\"data-cnthvrbg=\"#f8f8ff\"data-headerbg=\"#ffffff\"data-headerhover=\"#f8f8ff\"data-title=\"FORMAT\"data-newtitle=\"FORMAT\"data-icon=\"Defaults-caret-right\"data-newicon=\"Defaults-check\"data-activeicon=\"#009900\"data-effect=\"slideToggle\"data-override=\"0\"data-activetitle=\"#333333\"data-activebg=\"#f8f8ff\"data-img=\"\"data-newimg=\"\"><div class=\"ult_exp_section-main ult_expleft_icon\">\t<div class=\"ult-just-icon-wrapper ult_exp_icon\">\n\t\t\t\t\t<div class=\"align-icon \">\n\t\t\t\t\t\t\n<span class=\"aio-icon  none  ult_expsection_icon \"  style=\"color:#009900;font-size:32px;\">\n\t<i class=\"Defaults-caret-right ult_ex_icon\"  ><\/i>\n<\/span>\n\t\t\t\t\t<\/div>\n\t\t\t\t<\/div>\n\t\t\t\t<div class=\"ult_expheader\" >FORMAT\n\t\t\t\t<\/div>\n\t\t\t<\/div>\n\t\t<\/div><div class=\"ult_exp_content \" style=\"background-color:#f8f8ff;  \"><div class=\"ult_ecpsub_cont\" style=\" \" ><div id=\"ultimate-heading-659569ec3e5a0949d\" class=\"uvc-heading ult-adjust-bottom-margin ultimate-heading-659569ec3e5a0949d uvc-2595 \" data-hspacer=\"no_spacer\"  data-halign=\"left\" style=\"text-align:left\"><div class=\"uvc-heading-spacer no_spacer\" style=\"top\"><\/div><div class=\"uvc-sub-heading ult-responsive\"  data-ultimate-target='.uvc-heading.ultimate-heading-659569ec3e5a0949d .uvc-sub-heading '  data-responsive-json-new='{\"font-size\":\"desktop:20px;\",\"line-height\":\"desktop:32px;\"}'  style=\"font-family:&#039;Open Sans&#039;;font-weight:300;\">Die Treffen finden online statt. Gelegentlich k\u00f6nnen auf Vorschlag und bei Interesse der Teilnehmenden auch pers\u00f6nliche Treffen organisiert werden.<\/div><\/div><\/div><\/div>\n\n\t\t\t<\/div><div class=\"ult_exp_section_layer ult-adjust-bottom-margin  \" >\n\t\t<div id=\"uvc-exp-wrap-8374\" role=\"button\" tabindex=\"0\" aria-pressed=\"false\"  data-ultimate-target='#uvc-exp-wrap-8374'  data-responsive-json-new='{\"font-size\":\"desktop:22px;\",\"line-height\":\"desktop:30px;\"}'  class=\"ult_exp_section  ult-responsive \" style=\"color:#333333;background-color:#ffffff;font-family:Open Sans;font-weight:300;margin-top:-30px; text-align:left;\" data-textcolor=\"#333333\"data-texthover=\"#009900\"data-icncolor=\"#009900\"data-ihover=\"#009900\"data-height=\"0\"data-cntbg=\"#ffffff\"data-cnthvrbg=\"#f8f8ff\"data-headerbg=\"#ffffff\"data-headerhover=\"#f8f8ff\"data-title=\"SPRACHE\"data-newtitle=\"SPRACHE\"data-icon=\"Defaults-caret-right\"data-newicon=\"Defaults-check\"data-activeicon=\"#009900\"data-effect=\"slideToggle\"data-override=\"0\"data-activetitle=\"#333333\"data-activebg=\"#f8f8ff\"data-img=\"\"data-newimg=\"\"><div class=\"ult_exp_section-main ult_expleft_icon\">\t<div class=\"ult-just-icon-wrapper ult_exp_icon\">\n\t\t\t\t\t<div class=\"align-icon \">\n\t\t\t\t\t\t\n<span class=\"aio-icon  none  ult_expsection_icon \"  style=\"color:#009900;font-size:32px;\">\n\t<i class=\"Defaults-caret-right ult_ex_icon\"  ><\/i>\n<\/span>\n\t\t\t\t\t<\/div>\n\t\t\t\t<\/div>\n\t\t\t\t<div class=\"ult_expheader\" >SPRACHE\n\t\t\t\t<\/div>\n\t\t\t<\/div>\n\t\t<\/div><div class=\"ult_exp_content \" style=\"background-color:#f8f8ff;  \"><div class=\"ult_ecpsub_cont\" style=\" \" ><div id=\"ultimate-heading-344969ec3e5a095b9\" class=\"uvc-heading ult-adjust-bottom-margin ultimate-heading-344969ec3e5a095b9 uvc-2364 \" data-hspacer=\"no_spacer\"  data-halign=\"left\" style=\"text-align:left\"><div class=\"uvc-heading-spacer no_spacer\" style=\"top\"><\/div><div class=\"uvc-sub-heading ult-responsive\"  data-ultimate-target='.uvc-heading.ultimate-heading-344969ec3e5a095b9 .uvc-sub-heading '  data-responsive-json-new='{\"font-size\":\"desktop:20px;\",\"line-height\":\"desktop:32px;\"}'  style=\"font-family:&#039;Open Sans&#039;;font-weight:300;\">OpinioNet wurde entwickelt, um Menschen aus unterschiedlichen L\u00e4ndern und Lebenssituationen die Kommunikation zu erm\u00f6glichen.<\/p>\n<p>In der schriftlichen Kommunikation, mit der Interesse an einer Teilnahme im Lounge bekundet wird, wird Unterst\u00fctzung f\u00fcr Personen bereitgestellt, die sich in Fremdsprachen nicht sicher f\u00fchlen. Gruppen k\u00f6nnen sich anschlie\u00dfend auf eine von drei Sprachen einigen: Englisch, Deutsch oder Kroatisch.<\/div><\/div><\/div><\/div>\n\n\t\t\t<\/div>[\/vc_column][\/vc_row]<\/p>\n<\/div>","excerpt":"<p>Der Lounge Perspektive trifft Praxis verbindet junge Talente mit erfahrenen Seniorinnen und Senioren. <\/p>","slug":"lounge-zweite-meinung","image":{"url":"https:\/\/www.opinion-net.com\/wp-content\/uploads\/2026\/03\/SECOND-OPINION.jpg","id":24758,"extension":"jpg","width":1240,"height":700,"filesize":115035,"sizes":{"medium":{"width":300,"height":169,"mime-type":"image\/jpeg","filesize":15742,"url":"https:\/\/www.opinion-net.com\/wp-content\/uploads\/2026\/03\/SECOND-OPINION-300x169.jpg"},"large":{"width":1024,"height":578,"mime-type":"image\/jpeg","filesize":83188,"url":"https:\/\/www.opinion-net.com\/wp-content\/uploads\/2026\/03\/SECOND-OPINION-1024x578.jpg"},"thumbnail":{"width":150,"height":150,"mime-type":"image\/jpeg","filesize":12422,"url":"https:\/\/www.opinion-net.com\/wp-content\/uploads\/2026\/03\/SECOND-OPINION-150x150.jpg"},"medium_large":{"width":768,"height":434,"mime-type":"image\/jpeg","filesize":56912,"url":"https:\/\/www.opinion-net.com\/wp-content\/uploads\/2026\/03\/SECOND-OPINION-768x434.jpg"},"be_thumbnail":{"width":150,"height":150,"mime-type":"image\/jpeg","filesize":12422,"url":"https:\/\/www.opinion-net.com\/wp-content\/uploads\/2026\/03\/SECOND-OPINION-150x150.jpg"},"be_clients":{"width":133,"height":75,"mime-type":"image\/jpeg","filesize":4996,"url":"https:\/\/www.opinion-net.com\/wp-content\/uploads\/2026\/03\/SECOND-OPINION-133x75.jpg"},"portfolio-mf-w":{"width":1240,"height":500,"mime-type":"image\/jpeg","filesize":97324,"url":"https:\/\/www.opinion-net.com\/wp-content\/uploads\/2026\/03\/SECOND-OPINION-1240x500.jpg"},"portfolio-mf-t":{"width":768,"height":700,"mime-type":"image\/jpeg","filesize":108480,"url":"https:\/\/www.opinion-net.com\/wp-content\/uploads\/2026\/03\/SECOND-OPINION-768x700.jpg"},"blog-portfolio":{"width":960,"height":700,"mime-type":"image\/jpeg","filesize":111120,"url":"https:\/\/www.opinion-net.com\/wp-content\/uploads\/2026\/03\/SECOND-OPINION-960x700.jpg"},"blog-single":{"width":1200,"height":675,"mime-type":"image\/jpeg","filesize":103161,"url":"https:\/\/www.opinion-net.com\/wp-content\/uploads\/2026\/03\/SECOND-OPINION-1200x675.jpg"},"mobile-srcset":{"width":480,"height":271,"mime-type":"image\/jpeg","filesize":29361,"url":"https:\/\/www.opinion-net.com\/wp-content\/uploads\/2026\/03\/SECOND-OPINION-480x271.jpg"}}},"all_day":false,"start_date":"2027-04-28 16:00:00","start_date_details":{"year":"2027","month":"04","day":"28","hour":"16","minutes":"00","seconds":"00"},"end_date":"2027-04-28 17:00:00","end_date_details":{"year":"2027","month":"04","day":"28","hour":"17","minutes":"00","seconds":"00"},"utc_start_date":"2027-04-28 14:00:00","utc_start_date_details":{"year":"2027","month":"04","day":"28","hour":"14","minutes":"00","seconds":"00"},"utc_end_date":"2027-04-28 15:00:00","utc_end_date_details":{"year":"2027","month":"04","day":"28","hour":"15","minutes":"00","seconds":"00"},"timezone":"Europe\/Vienna","timezone_abbr":"CEST","cost":"Abonnement","cost_details":{"currency_symbol":"\u20ac","currency_code":"EUR","currency_position":"prefix","values":["abonnement"]},"website":"","show_map":false,"show_map_link":false,"hide_from_listings":false,"sticky":true,"featured":true,"categories":[{"name":"# zweite meinung","slug":"zweite-meinung","term_group":0,"term_taxonomy_id":936,"taxonomy":"tribe_events_cat","description":"","parent":0,"count":15,"filter":"raw","id":936,"urls":{"self":"https:\/\/www.opinion-net.com\/de\/wp-json\/tribe\/events\/v1\/categories\/936","collection":"https:\/\/www.opinion-net.com\/de\/wp-json\/tribe\/events\/v1\/categories"}},{"name":"lounge","slug":"lounge-de","term_group":0,"term_taxonomy_id":894,"taxonomy":"tribe_events_cat","description":"","parent":0,"count":5,"filter":"raw","id":894,"urls":{"self":"https:\/\/www.opinion-net.com\/de\/wp-json\/tribe\/events\/v1\/categories\/894","collection":"https:\/\/www.opinion-net.com\/de\/wp-json\/tribe\/events\/v1\/categories"}}],"tags":[{"name":"zweite meinung","slug":"zweite-meinung","term_group":0,"term_taxonomy_id":1034,"taxonomy":"post_tag","description":"","parent":0,"count":1,"filter":"raw","id":1034,"urls":{"self":"https:\/\/www.opinion-net.com\/de\/wp-json\/tribe\/events\/v1\/tags\/1034","collection":"https:\/\/www.opinion-net.com\/de\/wp-json\/tribe\/events\/v1\/tags"}}],"venue":[],"organizer":[{"id":7626,"author":"10","status":"publish","date":"2024-02-08 13:10:11","date_utc":"2024-02-08 12:10:11","modified":"2025-08-30 15:59:31","modified_utc":"2025-08-30 13:59:31","url":"https:\/\/www.opinion-net.com\/de\/veranstalter\/second-opinion\/","organizer":"Second Opinion GmbH","slug":"second-opinion","image":{"url":"https:\/\/www.opinion-net.com\/wp-content\/uploads\/2024\/02\/Second-Opinion-Gold-550.png","id":18892,"extension":"png","width":550,"height":500,"filesize":71564,"sizes":{"medium":{"width":300,"height":273,"mime-type":"image\/png","filesize":28957,"url":"https:\/\/www.opinion-net.com\/wp-content\/uploads\/2024\/02\/Second-Opinion-Gold-550-300x273.png"},"thumbnail":{"width":150,"height":150,"mime-type":"image\/png","filesize":12977,"url":"https:\/\/www.opinion-net.com\/wp-content\/uploads\/2024\/02\/Second-Opinion-Gold-550-150x150.png"},"be_thumbnail":{"width":150,"height":150,"mime-type":"image\/png","filesize":12977,"url":"https:\/\/www.opinion-net.com\/wp-content\/uploads\/2024\/02\/Second-Opinion-Gold-550-150x150.png"},"be_clients":{"width":83,"height":75,"mime-type":"image\/png","filesize":5819,"url":"https:\/\/www.opinion-net.com\/wp-content\/uploads\/2024\/02\/Second-Opinion-Gold-550-83x75.png"},"mobile-srcset":{"width":480,"height":436,"mime-type":"image\/png","filesize":50714,"url":"https:\/\/www.opinion-net.com\/wp-content\/uploads\/2024\/02\/Second-Opinion-Gold-550-480x436.png"},"gform-image-choice-sm":{"width":300,"height":300,"mime-type":"image\/png","filesize":29492,"url":"https:\/\/www.opinion-net.com\/wp-content\/uploads\/2024\/02\/Second-Opinion-Gold-550-300x300.png"},"gform-image-choice-md":{"width":400,"height":400,"mime-type":"image\/png","filesize":42512,"url":"https:\/\/www.opinion-net.com\/wp-content\/uploads\/2024\/02\/Second-Opinion-Gold-550-400x400.png"},"cmplz_banner_image":{"width":350,"height":100,"mime-type":"image\/png","filesize":15699,"url":"https:\/\/www.opinion-net.com\/wp-content\/uploads\/2024\/02\/Second-Opinion-Gold-550-350x100.png"}}},"website":"https:\/\/www.second-opinion.at\/de\/","json_ld":{"@type":"Person","name":"Second Opinion GmbH","description":"","image":"https:\/\/www.opinion-net.com\/wp-content\/uploads\/2024\/02\/Second-Opinion-Gold-550.png","url":"https:\/\/www.second-opinion.at\/de\/","telephone":"","email":"","sameAs":"https:\/\/www.second-opinion.at\/de\/"},"global_id":"www.opinion-net.com\/de\/?id=7626","global_id_lineage":["www.opinion-net.com\/de\/?id=7626"]}],"custom_fields":[],"json_ld":{"@context":"http:\/\/schema.org","@type":"Event","name":"Lounge zweite Meinung","description":"&lt;p&gt;Der Lounge Perspektive trifft Praxis verbindet junge Talente mit erfahrenen Seniorinnen und Senioren. &lt;\/p&gt;\\n","image":"https:\/\/www.opinion-net.com\/wp-content\/uploads\/2026\/03\/SECOND-OPINION.jpg","url":"https:\/\/www.opinion-net.com\/de\/event\/lounge-zweite-meinung\/2027-04-28\/","eventAttendanceMode":"https:\/\/schema.org\/OnlineEventAttendanceMode","eventStatus":"https:\/\/schema.org\/EventScheduled","startDate":"2027-04-28T16:00:00+02:00","endDate":"2027-04-28T17:00:00+02:00","organizer":{"@type":"Person","name":"Second Opinion GmbH","description":"","image":"https:\/\/www.opinion-net.com\/wp-content\/uploads\/2024\/02\/Second-Opinion-Gold-550.png","url":"https:\/\/www.second-opinion.at\/de\/","telephone":"","email":"","sameAs":"https:\/\/www.second-opinion.at\/de\/"},"offers":{"@type":"Offer","price":"Abonnement","priceCurrency":"EUR","url":"https:\/\/www.opinion-net.com\/de\/event\/lounge-zweite-meinung\/2027-04-28\/","category":"primary","availability":"inStock","validFrom":"1970-01-01T00:00:00+00:00"},"performer":"Organization","location":{"@type":"VirtualLocation","url":"https:\/\/www.opinion-net.com\/de\/event\/lounge-zweite-meinung\/2027-04-28\/"}},"event_bgcolor":"","event_text_color":"","is_virtual":true,"virtual_url":"","virtual_video_source":"google"}